{"id":315,"date":"2023-02-08T15:30:00","date_gmt":"2023-02-08T14:30:00","guid":{"rendered":"https:\/\/sano-agrar.hu\/?p=315"},"modified":"2024-02-05T17:54:31","modified_gmt":"2024-02-05T16:54:31","slug":"megerkeztek-a-kocasuldok-a-sano-agrar-institutba","status":"publish","type":"post","link":"https:\/\/sano-agrar.hu\/en\/megerkeztek-a-kocasuldok-a-sano-agrar-institutba\/","title":{"rendered":"Meg\u00e9rkeztek a kocas\u00fcld\u0151k a Sano Agrar Institutba"},"content":{"rendered":"<div data-elementor-type=\"wp-post\" data-elementor-id=\"315\" class=\"elementor elementor-315\" data-elementor-post-type=\"post\">\n\t\t\t\t\t\t<section class=\"elementor-section elementor-top-section elementor-element elementor-element-b5e982d elementor-section-boxed elementor-section-height-default elementor-section-height-default\" data-id=\"b5e982d\" data-element_type=\"section\" data-e-type=\"section\">\n\t\t\t\t\t\t<div class=\"elementor-container elementor-column-gap-default\">\n\t\t\t\t\t<div class=\"elementor-column elementor-col-100 elementor-top-column elementor-element elementor-element-bb75e5b\" data-id=\"bb75e5b\" data-element_type=\"column\" data-e-type=\"column\">\n\t\t\t<div class=\"elementor-widget-wrap elementor-element-populated\">\n\t\t\t\t\t\t\t<\/div>\n\t\t<\/div>\n\t\t\t\t\t<\/div>\n\t\t<\/section>\n\t\t\t\t<section class=\"elementor-section elementor-top-section elementor-element elementor-element-ac123c9 elementor-section-boxed elementor-section-height-default elementor-section-height-default\" data-id=\"ac123c9\" data-element_type=\"section\" data-e-type=\"section\">\n\t\t\t\t\t\t<div class=\"elementor-container elementor-column-gap-default\">\n\t\t\t\t\t<div class=\"elementor-column elementor-col-50 elementor-top-column elementor-element elementor-element-a7f47ac\" data-id=\"a7f47ac\" data-element_type=\"column\" data-e-type=\"column\">\n\t\t\t<div class=\"elementor-widget-wrap elementor-element-populated\">\n\t\t\t\t\t\t<div class=\"elementor-element elementor-element-30e280e elementor-widget elementor-widget-text-editor\" data-id=\"30e280e\" data-element_type=\"widget\" data-e-type=\"widget\" data-widget_type=\"text-editor.default\">\n\t\t\t\t<div class=\"elementor-widget-container\">\n\t\t\t\t\t\t\t\t\t<p>A betelep\u00edt\u00e9s sor\u00e1n 850 kocas\u00fcld\u0151 foglalta el hely\u00e9t az ist\u00e1ll\u00f3kban. M\u00e9g 450 \u00e1llat fog \u00e9rkezni 2 h\u00f3nap m\u00falva, hogy el\u00e9rj\u00fck a tervezett teny\u00e9szkoca l\u00e9tsz\u00e1mot. Jelenleg az \u00e1llom\u00e1ny ivarz\u00e1s vizsg\u00e1lata t\u00f6rt\u00e9nik, majd 40 nap m\u00falva kezd\u0151dik a term\u00e9keny\u00edt\u00e9s.<\/p>\t\t\t\t\t\t\t\t<\/div>\n\t\t\t\t<\/div>\n\t\t\t\t<div class=\"elementor-element elementor-element-22536bf elementor-widget elementor-widget-tp-post-meta\" data-id=\"22536bf\" data-element_type=\"widget\" data-e-type=\"widget\" data-widget_type=\"tp-post-meta.default\">\n\t\t\t\t<div class=\"elementor-widget-container\">\n\t\t\t\t\t<div class=\"tp-post-meta-info tp-meta-layout-2\" ><div class=\"tp-post-meta-info-inner\"><span class=\"tp-meta-date\" ><span class=\"tp-meta-date-label tp-meta-label\" ><\/span><a class=\"tp-meta-value\" href=\"https:\/\/sano-agrar.hu\/en\/megerkeztek-a-kocasuldok-a-sano-agrar-institutba\/\"><i class=\"fas fa-calendar-alt\"><\/i>2023.02.08.<\/a><\/span><\/div><\/div>\t\t\t\t<\/div>\n\t\t\t\t<\/div>\n\t\t\t\t\t<\/div>\n\t\t<\/div>\n\t\t\t\t<div class=\"elementor-column elementor-col-50 elementor-top-column elementor-element elementor-element-8606fac\" data-id=\"8606fac\" data-element_type=\"column\" data-e-type=\"column\">\n\t\t\t<div class=\"elementor-widget-wrap elementor-element-populated\">\n\t\t\t\t\t\t<div class=\"elementor-element elementor-element-ee1a4f5 elementor-widget elementor-widget-theme-post-featured-image elementor-widget-image\" data-id=\"ee1a4f5\" data-element_type=\"widget\" data-e-type=\"widget\" data-widget_type=\"theme-post-featured-image.default\">\n\t\t\t\t<div class=\"elementor-widget-container\">\n\t\t\t\t\t\t\t\t\t\t\t\t\t\t\t\t<a href=\"https:\/\/sano-agrar.hu\/wp-content\/uploads\/2023\/02\/dscn7140-web.jpg\" data-elementor-open-lightbox=\"yes\" data-elementor-lightbox-title=\"dscn7140_web\" data-e-action-hash=\"#elementor-action%3Aaction%3Dlightbox%26settings%3DeyJpZCI6Mjg5NywidXJsIjoiaHR0cHM6XC9cL3Nhbm8tYWdyYXIuaHVcL3dwLWNvbnRlbnRcL3VwbG9hZHNcLzIwMjNcLzAyXC9kc2NuNzE0MC13ZWIuanBnIn0%3D\">\n\t\t\t\t\t\t\t<img fetchpriority=\"high\" decoding=\"async\" width=\"790\" height=\"440\" src=\"https:\/\/sano-agrar.hu\/wp-content\/uploads\/2023\/02\/dscn7140-web.jpg\" class=\"attachment-large size-large wp-image-2897\" alt=\"\" srcset=\"https:\/\/sano-agrar.hu\/wp-content\/uploads\/2023\/02\/dscn7140-web.jpg 790w, https:\/\/sano-agrar.hu\/wp-content\/uploads\/2023\/02\/dscn7140-web-300x167.jpg 300w, https:\/\/sano-agrar.hu\/wp-content\/uploads\/2023\/02\/dscn7140-web-768x428.jpg 768w, https:\/\/sano-agrar.hu\/wp-content\/uploads\/2023\/02\/dscn7140-web-18x10.jpg 18w\" sizes=\"(max-width: 790px) 100vw, 790px\" \/>\t\t\t\t\t\t\t\t<\/a>\n\t\t\t\t\t\t\t\t\t\t\t\t\t\t\t<\/div>\n\t\t\t\t<\/div>\n\t\t\t\t\t<\/div>\n\t\t<\/div>\n\t\t\t\t\t<\/div>\n\t\t<\/section>\n\t\t\t\t<\/div>","protected":false},"excerpt":{"rendered":"<p>A betelep\u00edt\u00e9s sor\u00e1n 850 kocas\u00fcld\u0151 foglalta el hely\u00e9t az ist\u00e1ll\u00f3kban. M\u00e9g 450 \u00e1llat fog \u00e9rkezni 2 h\u00f3nap m\u00falva, hogy el\u00e9rj\u00fck a tervezett teny\u00e9szkoca l\u00e9tsz\u00e1mot. Jelenleg az \u00e1llom\u00e1ny ivarz\u00e1s vizsg\u00e1lata t\u00f6rt\u00e9nik, majd 40 nap m\u00falva kezd\u0151dik a term\u00e9keny\u00edt\u00e9s. 2023.02.08.<\/p>","protected":false},"author":1,"featured_media":2897,"comment_status":"closed","ping_status":"closed","sticky":false,"template":"","format":"standard","meta":{"footnotes":""},"categories":[1],"tags":[],"class_list":["post-315","post","type-post","status-publish","format-standard","has-post-thumbnail","hentry","category-hirek-aktualitasok"],"_links":{"self":[{"href":"https:\/\/sano-agrar.hu\/en\/wp-json\/wp\/v2\/posts\/315","targetHints":{"allow":["GET"]}}],"collection":[{"href":"https:\/\/sano-agrar.hu\/en\/wp-json\/wp\/v2\/posts"}],"about":[{"href":"https:\/\/sano-agrar.hu\/en\/wp-json\/wp\/v2\/types\/post"}],"author":[{"embeddable":true,"href":"https:\/\/sano-agrar.hu\/en\/wp-json\/wp\/v2\/users\/1"}],"replies":[{"embeddable":true,"href":"https:\/\/sano-agrar.hu\/en\/wp-json\/wp\/v2\/comments?post=315"}],"version-history":[{"count":11,"href":"https:\/\/sano-agrar.hu\/en\/wp-json\/wp\/v2\/posts\/315\/revisions"}],"predecessor-version":[{"id":2904,"href":"https:\/\/sano-agrar.hu\/en\/wp-json\/wp\/v2\/posts\/315\/revisions\/2904"}],"wp:featuredmedia":[{"embeddable":true,"href":"https:\/\/sano-agrar.hu\/en\/wp-json\/wp\/v2\/media\/2897"}],"wp:attachment":[{"href":"https:\/\/sano-agrar.hu\/en\/wp-json\/wp\/v2\/media?parent=315"}],"wp:term":[{"taxonomy":"category","embeddable":true,"href":"https:\/\/sano-agrar.hu\/en\/wp-json\/wp\/v2\/categories?post=315"},{"taxonomy":"post_tag","embeddable":true,"href":"https:\/\/sano-agrar.hu\/en\/wp-json\/wp\/v2\/tags?post=315"}],"curies":[{"name":"wp","href":"https:\/\/api.w.org\/{rel}","templated":true}]}}