{"id":306,"date":"2022-12-18T16:50:00","date_gmt":"2022-12-18T15:50:00","guid":{"rendered":"https:\/\/sano-agrar.hu\/?p=306"},"modified":"2026-02-23T23:14:27","modified_gmt":"2026-02-23T22:14:27","slug":"hamarosan-befejezodik-a-sano-agrar-instut-sertestarto-mintagazdasaganak-epitese","status":"publish","type":"post","link":"https:\/\/sano-agrar.hu\/en\/hamarosan-befejezodik-a-sano-agrar-instut-sertestarto-mintagazdasaganak-epitese\/","title":{"rendered":"Hamarosan befejez\u0151dik a Sano Agrar Instut sert\u00e9start\u00f3 mintagazdas\u00e1g\u00e1nak \u00e9p\u00edt\u00e9se"},"content":{"rendered":"<div data-elementor-type=\"wp-post\" data-elementor-id=\"306\" class=\"elementor elementor-306\" data-elementor-post-type=\"post\">\n\t\t\t\t\t\t<section class=\"elementor-section elementor-top-section elementor-element elementor-element-defc0d6 elementor-section-boxed elementor-section-height-default elementor-section-height-default\" data-id=\"defc0d6\" data-element_type=\"section\" data-e-type=\"section\">\n\t\t\t\t\t\t<div class=\"elementor-container elementor-column-gap-default\">\n\t\t\t\t\t<div class=\"elementor-column elementor-col-100 elementor-top-column elementor-element elementor-element-02c286f\" data-id=\"02c286f\" data-element_type=\"column\" data-e-type=\"column\">\n\t\t\t<div class=\"elementor-widget-wrap elementor-element-populated\">\n\t\t\t\t\t\t\t<\/div>\n\t\t<\/div>\n\t\t\t\t\t<\/div>\n\t\t<\/section>\n\t\t\t\t<section class=\"elementor-section elementor-top-section elementor-element elementor-element-b37a4f0 elementor-section-boxed elementor-section-height-default elementor-section-height-default\" data-id=\"b37a4f0\" data-element_type=\"section\" data-e-type=\"section\">\n\t\t\t\t\t\t<div class=\"elementor-container elementor-column-gap-default\">\n\t\t\t\t\t<div class=\"elementor-column elementor-col-50 elementor-top-column elementor-element elementor-element-ff6bcd3\" data-id=\"ff6bcd3\" data-element_type=\"column\" data-e-type=\"column\">\n\t\t\t<div class=\"elementor-widget-wrap elementor-element-populated\">\n\t\t\t\t\t\t<div class=\"elementor-element elementor-element-3f8eae1 elementor-widget elementor-widget-text-editor\" data-id=\"3f8eae1\" data-element_type=\"widget\" data-e-type=\"widget\" data-widget_type=\"text-editor.default\">\n\t\t\t\t<div class=\"elementor-widget-container\">\n\t\t\t\t\t\t\t\t\t<p>A digit\u00e1lis rendszereken alapul\u00f3 modern \u00e1llattart\u00e1st \u00e9s takarm\u00e1nyoz\u00e1st bemutat\u00f3 1.150 koc\u00e1s sert\u00e9stelep egyed\u00fcl\u00e1ll\u00f3 Magyarorsz\u00e1gon. A Kom\u00e1rom-Esztergom megyei Sz\u00e1kszenden tal\u00e1lhat\u00f3 Sano Agrar Institut a malacel\u0151\u00e1ll\u00edt\u00e1s \u00e9s sert\u00e9shizlal\u00e1s mellett kutat\u00e1s-fejleszt\u00e9si, oktat\u00e1si \u00e9s marketing tev\u00e9kenys\u00e9geket fog ell\u00e1tni. Az innovat\u00edv \u00e9p\u00fcletegy\u00fcttes egy folyos\u00f3rendszeren kereszt\u00fcl enged betekint\u00e9st az ist\u00e1ll\u00f3kba \u00e9s a telep m\u0171k\u00f6d\u00e9s\u00e9be an\u00e9lk\u00fcl, hogy a l\u00e1togat\u00f3k az \u00e1llom\u00e1nnyal \u00e9rintkezn\u00e9nek.<\/p><h5>A BERUH\u00c1Z\u00c1S 2. \u00dcTEME<\/h5><p>A 2020. szeptember\u00e9ben kezd\u0151d\u0151 \u00e9p\u00edtkez\u00e9sr\u0151l legut\u00f3bb 1 \u00e9vvel ezel\u0151tt sz\u00e1moltunk be. Akkor m\u00e1r \u00e1llt az iroda\u00e9p\u00fclet \u00e9s a takarm\u00e1nykever\u0151, a tervezett 6 ist\u00e1ll\u00f3 \u00e9p\u00fclete k\u00f6z\u00fcl szerkezetileg elk\u00e9sz\u00fclt a csoportos kocasz\u00e1ll\u00e1s, a vemhes\u00edt\u0151 \u00e9s a fiaztat\u00f3, valamint elkezd\u0151d\u00f6tt a technol\u00f3gia beszerel\u00e9se. Az \u00e9p\u00edtkez\u00e9s 2. \u00fctem\u00e9ben fel\u00e9p\u00fclt a batt\u00e9ria, a k\u00eds\u00e9rleti hizlalda, a karant\u00e9n ist\u00e1ll\u00f3, a d\u00f6g\u00e9get\u0151 \u00e9s 2 db 5.000 m3-es h\u00edgtr\u00e1gya t\u00e1rol\u00f3. Az iroda\u00e9p\u00fclet \u00e9s a takarm\u00e1nykever\u0151 m\u0171k\u00f6dik, az ist\u00e1ll\u00f3k technol\u00f3giai szerel\u00e9se 90%-os \u00e1llapotban van.<\/p><h5>\u00c9RDEKESS\u00c9GEK AZ \u00c9P\u00cdTKEZ\u00c9SR\u0150L<\/h5><ul><li>40.000 k\u00f6bm\u00e9ternyi f\u00f6ldet mozgattak meg,<\/li><li>11.500 k\u00f6bm\u00e9ternyi monolit vasbeton szerkezetet \u00e9p\u00edtettek,<\/li><li>3.500 k\u00f6bm\u00e9ternyi betont haszn\u00e1ltak \u00fat\u00e9p\u00edt\u00e9shez,<\/li><li>1.260 tonna ac\u00e9lszerkezetet,<\/li><li>13.600 n\u00e9gyzetm\u00e9ter Leier falpanelt \u00e9s<\/li><li>20.500 n\u00e9gyzetm\u00e9ter szendvicspanelt \u00e9p\u00edtettek be.<\/li><\/ul><h5>INDUL A TESZT\u00dcZEM<\/h5><p>Az \u00e9v h\u00e1tral\u00e9v\u0151 r\u00e9sz\u00e9ben az \u00e9p\u00edtkez\u00e9sr\u0151l \u00e9s a technol\u00f3giai szerel\u00e9sekr\u0151l egyre ink\u00e1bb a betelep\u00edt\u00e9s el\u0151k\u00e9sz\u00fcleteire ker\u00fcl a hangs\u00faly: m\u0171k\u00f6d\u00e9si enged\u00e9lyek beszerz\u00e9se, munkav\u00e1llal\u00f3k oktat\u00e1sa, alapos takar\u00edt\u00e1s \u00e9s rengeteg teszt, hogy mire<strong> 2023. janu\u00e1rj\u00e1ban meg\u00e9rkezik az \u00e1llom\u00e1ny els\u0151 turnusa<\/strong>, minden k\u00e9szen \u00e1lljon.<\/p><p>A magas \u00e1llateg\u00e9szs\u00e9g\u00fcgyi st\u00e1tusz\u00fa SPF+ \u00e1llom\u00e1nnyal c\u00e9lunk 36.000 malac el\u0151\u00e1ll\u00edt\u00e1sa \u00e9vente. Ebb\u0151l 30.000 \u00e1llatot k\u00edv\u00e1nunk \u00e9rt\u00e9kes\u00edteni, 6.000 \u00e1llat pedig a k\u00eds\u00e9rleti hizlald\u00e1ba ker\u00fcl.<\/p><h5>KUTAT\u00c1S-FEJLESZT\u00c9S<\/h5><p>Az 1.800 f\u00e9r\u0151helyes k\u00eds\u00e9rleti hizlald\u00e1ban els\u0151dleges c\u00e9l takarm\u00e1nyoz\u00e1si k\u00eds\u00e9rletek kivitelez\u00e9se. A kutat\u00e1s-fejleszt\u00e9si tev\u00e9kenys\u00e9get t\u00e1mogatja az anyac\u00e9g nemzetk\u00f6zi K+F csapata \u00e9s laborja. Sz\u00e1mukra biztos\u00edtott a sz\u00e1kszendi gazdas\u00e1gban a 0-24 \u00f3r\u00e1s jelenl\u00e9t, ugyanis \u00fagy lett kialak\u00edtva az \u00e9p\u00fcletegy\u00fcttes, hogy \u0151k ak\u00e1r \u00e9letvitelszer\u0171en tart\u00f3zkodhatnak a szoci\u00e1lis \u00e9p\u00fcletben.<\/p><p><strong>A Sano Agrar Institut egy\u00fcttm\u0171k\u00f6dik a szakmai szervezetekkel, a helyi szakk\u00e9pz\u00e9ssel \u00e9s a gy\u0151ri Sz\u00e9chenyi Istv\u00e1n Egyetemmel mind az oktat\u00e1s, mind a kutat\u00e1s-fejleszt\u00e9s ter\u00e9n.<\/strong><\/p><h5>TAKARM\u00c1NYOZ\u00c1S<\/h5><p>Az \u00e1llatok takarm\u00e1nyoz\u00e1sa a kever\u0151\u00fczemben prec\u00edzen \u00f6ssze\u00e1ll\u00edtott recept\u00far\u00e1k alapj\u00e1n, Sano premixekkel \u00e9s el\u0151re kiv\u00e1lasztott alapanyagokkal, meghat\u00e1rozott etet\u00e9si program keret\u00e9ben val\u00f3sul meg. Az etet\u0151kh\u00f6z Air Feed rendszeren, azaz pneumatikus sz\u00e1ll\u00edt\u00f3rendszeren kereszt\u00fcl jut el a takarm\u00e1ny meghat\u00e1rozott id\u0151ben \u00e9s mennyis\u00e9gben.<\/p><p>Az <strong>Agrisys egyedi takarm\u00e1nyoz\u00e1si \u00e9s \u00e1llatnyilv\u00e1ntart\u00f3 rendszer<\/strong>e biztos\u00edtja a takarm\u00e1nyoz\u00e1si k\u00eds\u00e9rletek professzion\u00e1lis megval\u00f3s\u00edt\u00e1s\u00e1t a k\u00eds\u00e9rleti hizlald\u00e1ban. Ak\u00e1r egy korcsoporton \u00e9s ist\u00e1ll\u00f3r\u00e9szen bel\u00fcl is kialak\u00edthatunk kontroll- \u00e9s tesztcsoportokat a lehet\u0151 legpontosabb eredm\u00e9nyek \u00e9rdek\u00e9ben. Az egyes \u00e1llatok gyarapod\u00e1sa, fial\u00e1si eredm\u00e9nyei a digitaliz\u00e1lt \u00e1llatnyilv\u00e1ntart\u00e1si rendszerben \u00f6sszek\u00f6thet\u0151k a takarm\u00e1nyoz\u00e1si programokkal \u00e9s vemhes\u00edt\u00e9si adatokkal, \u00edgy az \u00f6sszef\u00fcgg\u00e9sek k\u00f6zvetlen\u00fcl vizsg\u00e1lhat\u00f3k.<\/p><p>Varga Tam\u00e1s<br \/>sert\u00e9steny\u00e9szt\u00e9si \u00e1gazatvezet\u0151, Sano Agrar Institut<\/p>\t\t\t\t\t\t\t\t<\/div>\n\t\t\t\t<\/div>\n\t\t\t\t<div class=\"elementor-element elementor-element-42e4f9d elementor-widget elementor-widget-tp-post-meta\" data-id=\"42e4f9d\" data-element_type=\"widget\" data-e-type=\"widget\" data-widget_type=\"tp-post-meta.default\">\n\t\t\t\t<div class=\"elementor-widget-container\">\n\t\t\t\t\t<div class=\"tp-post-meta-info tp-meta-layout-2\" ><div class=\"tp-post-meta-info-inner\"><span class=\"tp-meta-date\" ><span class=\"tp-meta-date-label tp-meta-label\" ><\/span><a class=\"tp-meta-value\" href=\"https:\/\/sano-agrar.hu\/en\/hamarosan-befejezodik-a-sano-agrar-instut-sertestarto-mintagazdasaganak-epitese\/\"><i class=\"fas fa-calendar-alt\"><\/i>2022.12.18.<\/a><\/span><\/div><\/div>\t\t\t\t<\/div>\n\t\t\t\t<\/div>\n\t\t\t\t\t<\/div>\n\t\t<\/div>\n\t\t\t\t<div class=\"elementor-column elementor-col-50 elementor-top-column elementor-element elementor-element-f07ee7d\" data-id=\"f07ee7d\" data-element_type=\"column\" data-e-type=\"column\">\n\t\t\t<div class=\"elementor-widget-wrap elementor-element-populated\">\n\t\t\t\t\t\t<div class=\"elementor-element elementor-element-e1a17af elementor-widget elementor-widget-theme-post-featured-image elementor-widget-image\" data-id=\"e1a17af\" data-element_type=\"widget\" data-e-type=\"widget\" data-widget_type=\"theme-post-featured-image.default\">\n\t\t\t\t<div class=\"elementor-widget-container\">\n\t\t\t\t\t\t\t\t\t\t\t\t\t\t\t\t<a href=\"https:\/\/sano-agrar.hu\/wp-content\/uploads\/2022\/12\/dji-0379-cmyk-web.jpg\" data-elementor-open-lightbox=\"yes\" data-elementor-lightbox-title=\"dji_0379_cmyk_web\" data-e-action-hash=\"#elementor-action%3Aaction%3Dlightbox%26settings%3DeyJpZCI6MjkzMywidXJsIjoiaHR0cHM6XC9cL3Nhbm8tYWdyYXIuaHVcL3dwLWNvbnRlbnRcL3VwbG9hZHNcLzIwMjJcLzEyXC9kamktMDM3OS1jbXlrLXdlYi5qcGcifQ%3D%3D\">\n\t\t\t\t\t\t\t<img fetchpriority=\"high\" decoding=\"async\" width=\"790\" height=\"440\" src=\"https:\/\/sano-agrar.hu\/wp-content\/uploads\/2022\/12\/dji-0379-cmyk-web.jpg\" class=\"attachment-large size-large wp-image-2933\" alt=\"\" srcset=\"https:\/\/sano-agrar.hu\/wp-content\/uploads\/2022\/12\/dji-0379-cmyk-web.jpg 790w, https:\/\/sano-agrar.hu\/wp-content\/uploads\/2022\/12\/dji-0379-cmyk-web-300x167.jpg 300w, https:\/\/sano-agrar.hu\/wp-content\/uploads\/2022\/12\/dji-0379-cmyk-web-768x428.jpg 768w, https:\/\/sano-agrar.hu\/wp-content\/uploads\/2022\/12\/dji-0379-cmyk-web-18x10.jpg 18w\" sizes=\"(max-width: 790px) 100vw, 790px\" \/>\t\t\t\t\t\t\t\t<\/a>\n\t\t\t\t\t\t\t\t\t\t\t\t\t\t\t<\/div>\n\t\t\t\t<\/div>\n\t\t\t\t\t<\/div>\n\t\t<\/div>\n\t\t\t\t\t<\/div>\n\t\t<\/section>\n\t\t\t\t<\/div>","protected":false},"excerpt":{"rendered":"<p>A digit\u00e1lis rendszereken alapul\u00f3 modern \u00e1llattart\u00e1st \u00e9s takarm\u00e1nyoz\u00e1st bemutat\u00f3 1.150 koc\u00e1s sert\u00e9stelep egyed\u00fcl\u00e1ll\u00f3 Magyarorsz\u00e1gon. A Kom\u00e1rom-Esztergom megyei Sz\u00e1kszenden tal\u00e1lhat\u00f3 Sano Agrar Institut a malacel\u0151\u00e1ll\u00edt\u00e1s \u00e9s sert\u00e9shizlal\u00e1s mellett kutat\u00e1s-fejleszt\u00e9si, oktat\u00e1si \u00e9s marketing tev\u00e9kenys\u00e9geket fog ell\u00e1tni. Az innovat\u00edv \u00e9p\u00fcletegy\u00fcttes egy folyos\u00f3rendszeren kereszt\u00fcl enged betekint\u00e9st az ist\u00e1ll\u00f3kba \u00e9s a telep m\u0171k\u00f6d\u00e9s\u00e9be an\u00e9lk\u00fcl, hogy a l\u00e1togat\u00f3k az \u00e1llom\u00e1nnyal \u00e9rintkezn\u00e9nek. [&hellip;]<\/p>\n","protected":false},"author":1,"featured_media":2933,"comment_status":"closed","ping_status":"closed","sticky":false,"template":"","format":"standard","meta":{"footnotes":""},"categories":[1],"tags":[],"class_list":["post-306","post","type-post","status-publish","format-standard","has-post-thumbnail","hentry","category-hirek-aktualitasok"],"_links":{"self":[{"href":"https:\/\/sano-agrar.hu\/en\/wp-json\/wp\/v2\/posts\/306","targetHints":{"allow":["GET"]}}],"collection":[{"href":"https:\/\/sano-agrar.hu\/en\/wp-json\/wp\/v2\/posts"}],"about":[{"href":"https:\/\/sano-agrar.hu\/en\/wp-json\/wp\/v2\/types\/post"}],"author":[{"embeddable":true,"href":"https:\/\/sano-agrar.hu\/en\/wp-json\/wp\/v2\/users\/1"}],"replies":[{"embeddable":true,"href":"https:\/\/sano-agrar.hu\/en\/wp-json\/wp\/v2\/comments?post=306"}],"version-history":[{"count":4,"href":"https:\/\/sano-agrar.hu\/en\/wp-json\/wp\/v2\/posts\/306\/revisions"}],"predecessor-version":[{"id":3981,"href":"https:\/\/sano-agrar.hu\/en\/wp-json\/wp\/v2\/posts\/306\/revisions\/3981"}],"wp:featuredmedia":[{"embeddable":true,"href":"https:\/\/sano-agrar.hu\/en\/wp-json\/wp\/v2\/media\/2933"}],"wp:attachment":[{"href":"https:\/\/sano-agrar.hu\/en\/wp-json\/wp\/v2\/media?parent=306"}],"wp:term":[{"taxonomy":"category","embeddable":true,"href":"https:\/\/sano-agrar.hu\/en\/wp-json\/wp\/v2\/categories?post=306"},{"taxonomy":"post_tag","embeddable":true,"href":"https:\/\/sano-agrar.hu\/en\/wp-json\/wp\/v2\/tags?post=306"}],"curies":[{"name":"wp","href":"https:\/\/api.w.org\/{rel}","templated":true}]}}