{"id":2774,"date":"2023-09-11T08:33:35","date_gmt":"2023-09-11T06:33:35","guid":{"rendered":"https:\/\/sano-agrar.hu\/?p=2774"},"modified":"2026-03-05T15:33:15","modified_gmt":"2026-03-05T14:33:15","slug":"sano-agrar-institut-az-elso-7-honap","status":"publish","type":"post","link":"https:\/\/sano-agrar.hu\/en\/sano-agrar-institut-az-elso-7-honap\/","title":{"rendered":"Sano Agrar Institut &#8211; Az els\u0151 7 h\u00f3nap"},"content":{"rendered":"<div data-elementor-type=\"wp-post\" data-elementor-id=\"2774\" class=\"elementor elementor-2774\" data-elementor-post-type=\"post\">\n\t\t\t\t<div class=\"elementor-element elementor-element-49ba1d4 e-flex e-con-boxed e-con e-parent\" data-id=\"49ba1d4\" data-element_type=\"container\" data-e-type=\"container\">\n\t\t\t\t\t<div class=\"e-con-inner\">\n\t\t\t\t\t<\/div>\n\t\t\t\t<\/div>\n\t\t<div class=\"elementor-element elementor-element-7d6666c e-flex e-con-boxed e-con e-parent\" data-id=\"7d6666c\" data-element_type=\"container\" data-e-type=\"container\">\n\t\t\t\t\t<div class=\"e-con-inner\">\n\t\t<div class=\"elementor-element elementor-element-7b77e60 e-con-full e-flex e-con e-child\" data-id=\"7b77e60\" data-element_type=\"container\" data-e-type=\"container\">\n\t\t\t\t<div class=\"elementor-element elementor-element-5d93493 elementor-widget__width-initial elementor-widget elementor-widget-text-editor\" data-id=\"5d93493\" data-element_type=\"widget\" data-e-type=\"widget\" data-widget_type=\"text-editor.default\">\n\t\t\t\t<div class=\"elementor-widget-container\">\n\t\t\t\t\t\t\t\t\t<div dir=\"auto\"><p>A Sano Agrar Institut sert\u00e9start\u00f3 mintagazdas\u00e1ga a Sano csoport kutat\u00e1s-fejleszt\u00e9si k\u00f6zpontja, ahol kiemelt hangs\u00falyt fektet\u00fcnk a sert\u00e9s takarm\u00e1nyok tesztel\u00e9s\u00e9re, tov\u00e1bbfejleszt\u00e9s\u00e9re. A sert\u00e9stelep 1.250 koca f\u00e9r\u0151hellyel rendelkezik, f\u0151 profilja a malacel\u0151\u00e1ll\u00edt\u00e1s \u00e9s -\u00e9rt\u00e9kes\u00edt\u00e9s. A Sano Agrar Institut bemutat\u00f3 \u00fczemk\u00e9nt is funkcion\u00e1l, ez\u00e9rt az \u00e9p\u00fcletegy\u00fcttesben kialak\u00edt\u00e1sra ker\u00fclt egy l\u00e1togat\u00f3i folyos\u00f3, amin kereszt\u00fcl az \u00e9rdekl\u0151d\u0151 di\u00e1kok, szakemberek, \u00e1llattartt\u00f3 partnerek \u00e9s munkat\u00e1rsak az \u00e1llatokat \u00e9rintkez\u00e9s n\u00e9lk\u00fcl megtekinthetik a k\u00fcl\u00f6nb\u00f6z\u0151 \u00e9letszakaszokban, valamint betekint\u00e9st nyerhetnek a telepi munkafolyamatokba.<\/p><p>T\u00f6bb \u00e9ves kitart\u00f3 munka (tervez\u00e9s, \u00e9p\u00edtkez\u00e9s, szerel\u00e9s) eredm\u00e9nyek\u00e9nt 2023. febru\u00e1r 6-\u00e1n el\u00e9rkezt\u00fcnk a c\u00e9legyenesbe, megkezd\u0151d\u00f6tt az \u00e1llom\u00e1ny betelep\u00edt\u00e9se.<\/p><p>A kocas\u00fcld\u0151k els\u0151 2\/3-a, 845 db + 3 db keres\u0151 kan, 2023.02.06-08. k\u00f6z\u00f6tt \u00e9rkeztek meg. A legid\u0151sebbek 190, m\u00edg a legfiatalabbak 90 naposak voltak. Az \u00e1tlag testt\u00f6meg\u00fck 93,8 kg volt. A s\u00fcld\u0151k fennmarad\u00f3 r\u00e9sze, 415 db 2023.04.25-26-\u00e1n \u00e9rkezett meg 120,4 kg \u00e1tlag t\u00f6meggel.<\/p><\/div>\t\t\t\t\t\t\t\t<\/div>\n\t\t\t\t<\/div>\n\t\t\t\t<\/div>\n\t\t<div class=\"elementor-element elementor-element-640ca4c e-con-full e-flex e-con e-child\" data-id=\"640ca4c\" data-element_type=\"container\" data-e-type=\"container\">\n\t\t\t\t<div class=\"elementor-element elementor-element-9bfc503 elementor-widget elementor-widget-image\" data-id=\"9bfc503\" data-element_type=\"widget\" data-e-type=\"widget\" data-widget_type=\"image.default\">\n\t\t\t\t<div class=\"elementor-widget-container\">\n\t\t\t\t\t\t\t\t\t\t\t\t\t\t\t<img fetchpriority=\"high\" decoding=\"async\" width=\"768\" height=\"428\" src=\"https:\/\/sano-agrar.hu\/wp-content\/uploads\/2023\/09\/dscn7434-web-768x428.jpg\" class=\"attachment-medium_large size-medium_large wp-image-3179\" alt=\"\" srcset=\"https:\/\/sano-agrar.hu\/wp-content\/uploads\/2023\/09\/dscn7434-web-768x428.jpg 768w, https:\/\/sano-agrar.hu\/wp-content\/uploads\/2023\/09\/dscn7434-web-300x167.jpg 300w, https:\/\/sano-agrar.hu\/wp-content\/uploads\/2023\/09\/dscn7434-web-18x10.jpg 18w, https:\/\/sano-agrar.hu\/wp-content\/uploads\/2023\/09\/dscn7434-web.jpg 790w\" sizes=\"(max-width: 768px) 100vw, 768px\" \/>\t\t\t\t\t\t\t\t\t\t\t\t\t\t\t<\/div>\n\t\t\t\t<\/div>\n\t\t\t\t<\/div>\n\t\t\t\t\t<\/div>\n\t\t\t\t<\/div>\n\t\t<div class=\"elementor-element elementor-element-d4db23d e-flex e-con-boxed e-con e-parent\" data-id=\"d4db23d\" data-element_type=\"container\" data-e-type=\"container\">\n\t\t\t\t\t<div class=\"e-con-inner\">\n\t\t\t\t<div class=\"elementor-element elementor-element-920ea22 elementor-widget elementor-widget-text-editor\" data-id=\"920ea22\" data-element_type=\"widget\" data-e-type=\"widget\" data-widget_type=\"text-editor.default\">\n\t\t\t\t<div class=\"elementor-widget-container\">\n\t\t\t\t\t\t\t\t\t<p>A 120 kg feletti \u00e1llatok a term\u00e9keny\u00edt\u0151 ist\u00e1ll\u00f3ba helyezt\u00e9k el, a 120-100 kg k\u00f6z\u00f6ttieket a kocas\u00fcld\u0151 sz\u00e1ll\u00e1sra, a 100 kg alattiak a hizlald\u00e1ba.<\/p><p>A <b>takarm\u00e1nyoz\u00e1s <\/b>az elhelyez\u00e9st\u0151l \u00e9s testt\u00f6megt\u0151l f\u00fcgg\u0151en a k\u00f6vetkez\u0151k\u00e9ppen alakult: a 80 kg alatti csoportnak a Topigs aj\u00e1nl\u00e1sa szerinti teny\u00e9sz kocas\u00fcld\u0151 II. t\u00e1pot (Sauengold Lac\u00ae premix) kaptak, m\u00edg a 80 kg feletti \u00e1llatoknak teny\u00e9sz kocas\u00fcld\u0151 III. t\u00e1pot (SUSan Trag\u00ae premix). A hizlald\u00e1kban ad libitum, m\u00edg a t\u00f6bbi ist\u00e1ll\u00f3ban egyedi fejadagokkal t\u00f6rt\u00e9nt a takarm\u00e1nyoz\u00e1s. Az egyedi adagokat 2,5-2,8 kg\/nap\/\u00e1llat mennyis\u00e9gben hat\u00e1roztuk meg. A v\u00e1rhat\u00f3 term\u00e9keny\u00edt\u00e9s el\u0151tt 2 h\u00e9ttel egy \u00fajabb f\u00e1zist, a Flushing f\u00e1zist (SUSan Trag\u00ae premix) folyamatosan bevezett\u00fck.<\/p><p>A <b>term\u00e9keny\u00edt\u00e9sek<\/b>et 2023.04.01-\u00e9n kezdt\u00fck. Az ivarz\u00e1s megfigyel\u00e9se, nyomon k\u00f6vet\u00e9se, r\u00f6gz\u00edt\u00e9se a betelep\u00edt\u00e9st\u0151l kezdve folyamatosan t\u00f6rt\u00e9nt. Term\u00e9keny\u00edt\u00e9sre a 160 kg-n\u00e1l nagyobb \u00e1llatok ker\u00fcltek. (Fontosabb volt a testt\u00f6meg, mint az \u00e9letnap.) A folyamatos ivarz\u00e1smegfigyel\u00e9s \u00e9s a testt\u00f6megm\u00e9r\u00e9s alapj\u00e1n csoportos\u00edtottuk az \u00e1llatokat. Eleinte spont\u00e1n ivarz\u00e1ssal \u00e9s ivarz\u00e1s szinkroniz\u00e1l\u00e1ssal v\u00e9gezt\u00fcnk term\u00e9keny\u00edt\u00e9st. Term\u00e9keny\u00edt\u00e9sre DUROK v\u00e9gterm\u00e9k kansperm\u00e1t haszn\u00e1lunk. Az els\u0151 20 h\u00e9t vemhess\u00e9g vizsg\u00e1lati eredm\u00e9nye <b>98,96%<\/b> vemhes (1.154 term\u00e9keny\u00edtett \u00e1llatb\u00f3l 1.142 vemhes).<\/p><p>Term\u00e9keny\u00edt\u00e9s ut\u00e1ni takarm\u00e1ny a vemhes kocat\u00e1p (SUSan Trag\u00ae premix), 2,7-3 kg\/nap\/\u00e1llat fejadaggal, naponta k\u00e9tszeri etet\u00e9ssel. Csak egy f\u00e1zis\u00fa vemhes kocat\u00e1pot haszn\u00e1lunk.<\/p><p>Fial\u00e1s el\u0151tt 10 nappal tranz\u00edci\u00f3s kocat\u00e1pot (SUSan Lac\u00ae premix) vezett\u00fcnk be, napi k\u00e9tszeri etet\u00e9ssel.<\/p><p>A <b>fial\u00e1sok<\/b> 2023.07.26-\u00e1n kezd\u0151dtek. <b>Az els\u0151 7 h\u00e9ten 393 db koca fialt meg, ez 95,16 % a term\u00e9keny\u00edtett kocsz\u00e1mra vet\u00edtve.<\/b> Az \u00e1tlag \u00e9lve sz\u00fcletett malac 14,22. A fial\u00e1s ut\u00e1n szoptat\u00f3 kocat\u00e1pot (SUSan Lac\u00ae premix) kaptak az \u00e1llatok, kezdetben naponta h\u00e1romszor, majd \u00f6tre n\u00f6velt\u00fck az etet\u00e9sek sz\u00e1m\u00e1t. Egyel\u0151re a Topigs aj\u00e1nl\u00e1sa szerinti takarm\u00e1nyoz\u00e1si g\u00f6rb\u00e9vel dolgozunk, majd k\u00e9s\u0151bb igaz\u00edtjuk a telepi takarm\u00e1nyfelv\u00e9telhez.<\/p><p><b>A megsz\u00fcletett malacok \u00e1tlagt\u00f6mege 1,3 kg<\/b>, kiegyenl\u00edtetts\u00e9ge megfelel\u0151. A fejl\u0151d\u00e9s\u00fck az els\u0151 h\u00e9ten j\u00f3l indul, kisz\u0151r\u00f6s\u00f6d\u00f6tt, lemarad\u00f3 malac nem figyelhet\u0151 meg. A malacok a 3. napt\u00f3l tejp\u00f3tl\u00f3 (SanAmmat F\u00ae) itat\u00e1st kapnak, az 5. napt\u00f3l a Bonni-M\u00ae is k\u00edn\u00e1l\u00e1sra ker\u00fcl a malacetet\u0151kben. A tejp\u00f3tl\u00f3 itat\u00e1s\u00e1t a v\u00e1laszt\u00e1s het\u00e9nek h\u00e9tf\u0151j\u00e9n megsz\u00fcntetj\u00fck. A prestarter t\u00e1pot a fiaztat\u00f3ban az utols\u00f3 h\u00e9ten, megfelel\u0151 \u00e1t\u00e1ll\u00e1ssal ker\u00fcl bevezet\u00e9sre.<\/p><p><b>A v\u00e1laszt\u00e1si testt\u00f6meg 7,5-7,7 kg k\u00f6r\u00fcl alakul 24-26 nap k\u00f6z\u00f6tt.<\/b> Az els\u0151 n\u00e9gy csoport koca, amelyet eddig lev\u00e1lasztottunk, a 4-6. nap k\u00f6z\u00f6tt \u00fajra term\u00e9keny\u00edtett\u00fck.<\/p><p>A malacnevel\u0151ben a prestarter \u00e9s starter takarm\u00e1nyt teljesen antibiotikum mentesen haszn\u00e1ltuk. A lev\u00e1lasztott 3-4 csoport mennyis\u00e9ge \u00e9s az ott elt\u00f6lt\u00f6tt id\u0151 r\u00f6vids\u00e9ge miatt egyel\u0151re csak azt tudom meg\u00e1llap\u00edtani, hogy a megfelel\u0151en \u00e9rett malacok t\u00f6r\u00e9smentesen tudjuk lev\u00e1lasztani, takarm\u00e1nyfelv\u00e9tel\u00fck az els\u0151 napokt\u00f3l kedvez\u0151en alakul. A testt\u00f6meggyarapod\u00e1sr\u00f3l \u00e9s a fajlagos takarm\u00e1ny\u00e9rt\u00e9kes\u00edt\u00e9sr\u0151l \u00e9rdemleges inform\u00e1ci\u00f3t m\u00e9g nem lehet levonni.<\/p><p>B\u00edzunk benne, hogy egyre t\u00f6bb, partnereinkn\u00e9l is haszn\u00e1lhat\u00f3 inform\u00e1ci\u00f3val, a gyakorlatban is hasznos\u00edthat\u00f3 tapasztalattal tudunk szolg\u00e1lni a Szakma sz\u00e1m\u00e1ra, hiszen a Sano misszi\u00f3ja a sz\u00e1kszendi beruh\u00e1z\u00e1ssal az volt, hogy seg\u00edts\u00fck a szektort, ugyanakkor egyfajta ir\u00e1nyt is mutassunk a j\u00f6v\u0151 hazai \u00e9s nemzetk\u00f6zi sert\u00e9steny\u00e9szt\u00e9s\u00e9ben.<\/p>\t\t\t\t\t\t\t\t<\/div>\n\t\t\t\t<\/div>\n\t\t\t\t<div class=\"elementor-element elementor-element-1fc2e3c elementor-widget elementor-widget-tp-post-meta\" data-id=\"1fc2e3c\" data-element_type=\"widget\" data-e-type=\"widget\" data-widget_type=\"tp-post-meta.default\">\n\t\t\t\t<div class=\"elementor-widget-container\">\n\t\t\t\t\t<div class=\"tp-post-meta-info tp-meta-layout-2\" ><div class=\"tp-post-meta-info-inner\"><span class=\"tp-meta-date\" ><span class=\"tp-meta-date-label tp-meta-label\" ><\/span><a class=\"tp-meta-value\" href=\"https:\/\/sano-agrar.hu\/en\/sano-agrar-institut-az-elso-7-honap\/\"><i class=\"fas fa-calendar-alt\"><\/i>2023.09.11.<\/a><\/span><\/div><\/div>\t\t\t\t<\/div>\n\t\t\t\t<\/div>\n\t\t\t\t\t<\/div>\n\t\t\t\t<\/div>\n\t\t\t\t<\/div>","protected":false},"excerpt":{"rendered":"<p>A Sano Agrar Institut sert\u00e9start\u00f3 mintagazdas\u00e1ga a Sano csoport kutat\u00e1s-fejleszt\u00e9si k\u00f6zpontja, ahol kiemelt hangs\u00falyt fektet\u00fcnk a sert\u00e9s takarm\u00e1nyok tesztel\u00e9s\u00e9re, tov\u00e1bbfejleszt\u00e9s\u00e9re. A sert\u00e9stelep 1.250 koca f\u00e9r\u0151hellyel rendelkezik, f\u0151 profilja a malacel\u0151\u00e1ll\u00edt\u00e1s \u00e9s -\u00e9rt\u00e9kes\u00edt\u00e9s. A Sano Agrar Institut bemutat\u00f3 \u00fczemk\u00e9nt is funkcion\u00e1l, ez\u00e9rt az \u00e9p\u00fcletegy\u00fcttesben kialak\u00edt\u00e1sra ker\u00fclt egy l\u00e1togat\u00f3i folyos\u00f3, amin kereszt\u00fcl az \u00e9rdekl\u0151d\u0151 di\u00e1kok, szakemberek, \u00e1llattartt\u00f3 [&hellip;]<\/p>\n","protected":false},"author":2,"featured_media":3179,"comment_status":"closed","ping_status":"open","sticky":false,"template":"","format":"standard","meta":{"footnotes":""},"categories":[1],"tags":[],"class_list":["post-2774","post","type-post","status-publish","format-standard","has-post-thumbnail","hentry","category-hirek-aktualitasok"],"_links":{"self":[{"href":"https:\/\/sano-agrar.hu\/en\/wp-json\/wp\/v2\/posts\/2774","targetHints":{"allow":["GET"]}}],"collection":[{"href":"https:\/\/sano-agrar.hu\/en\/wp-json\/wp\/v2\/posts"}],"about":[{"href":"https:\/\/sano-agrar.hu\/en\/wp-json\/wp\/v2\/types\/post"}],"author":[{"embeddable":true,"href":"https:\/\/sano-agrar.hu\/en\/wp-json\/wp\/v2\/users\/2"}],"replies":[{"embeddable":true,"href":"https:\/\/sano-agrar.hu\/en\/wp-json\/wp\/v2\/comments?post=2774"}],"version-history":[{"count":4,"href":"https:\/\/sano-agrar.hu\/en\/wp-json\/wp\/v2\/posts\/2774\/revisions"}],"predecessor-version":[{"id":4108,"href":"https:\/\/sano-agrar.hu\/en\/wp-json\/wp\/v2\/posts\/2774\/revisions\/4108"}],"wp:featuredmedia":[{"embeddable":true,"href":"https:\/\/sano-agrar.hu\/en\/wp-json\/wp\/v2\/media\/3179"}],"wp:attachment":[{"href":"https:\/\/sano-agrar.hu\/en\/wp-json\/wp\/v2\/media?parent=2774"}],"wp:term":[{"taxonomy":"category","embeddable":true,"href":"https:\/\/sano-agrar.hu\/en\/wp-json\/wp\/v2\/categories?post=2774"},{"taxonomy":"post_tag","embeddable":true,"href":"https:\/\/sano-agrar.hu\/en\/wp-json\/wp\/v2\/tags?post=2774"}],"curies":[{"name":"wp","href":"https:\/\/api.w.org\/{rel}","templated":true}]}}